{"id":9112,"date":"2018-05-21T13:15:49","date_gmt":"2018-05-21T10:15:49","guid":{"rendered":"https:\/\/estecenter.com\/sakal-ekimi-sonrasi-sakal-bakimi-nasil-olmalidir\/"},"modified":"2025-05-09T18:11:56","modified_gmt":"2025-05-09T15:11:56","slug":"sakal-ekimi-sonrasinda-sakal-bakiminin-nasil-olmasi-gerekir","status":"publish","type":"post","link":"https:\/\/estecenter.com\/tr\/blog\/sakal-ekimi-sonrasinda-sakal-bakiminin-nasil-olmasi-gerekir\/","title":{"rendered":"Sakal Ekimi Sonras\u0131 Sakal Bak\u0131m\u0131 Nas\u0131l Olmal\u0131d\u0131r?"},"content":{"rendered":"<p>[vc_row columns=&#8221;1&#8243;][vc_column][vc_column_text]<div id=\"ez-toc-container\" class=\"ez-toc-v2_0_65 counter-hierarchy ez-toc-counter ez-toc-grey ez-toc-container-direction\">\n<div class=\"ez-toc-title-container\">\n<p class=\"ez-toc-title\" >\u0130\u00e7indekiler<\/p>\n<span class=\"ez-toc-title-toggle\"><a href=\"#\" class=\"ez-toc-pull-right ez-toc-btn ez-toc-btn-xs ez-toc-btn-default ez-toc-toggle\" aria-label=\"\u0130\u00e7indekiler Tablosunu A\u00e7\/Kapat\"><span class=\"ez-toc-js-icon-con\"><span class=\"\"><span class=\"eztoc-hide\" style=\"display:none;\">A\u00e7ma\/Kapama<\/span><span class=\"ez-toc-icon-toggle-span\"><svg style=\"fill: #999;color:#999\" xmlns=\"http:\/\/www.w3.org\/2000\/svg\" class=\"list-377408\" width=\"20px\" height=\"20px\" viewbox=\"0 0 24 24\" fill=\"none\"><path d=\"M6 6H4v2h2V6zm14 0H8v2h12V6zM4 11h2v2H4v-2zm16 0H8v2h12v-2zM4 16h2v2H4v-2zm16 0H8v2h12v-2z\" fill=\"currentColor\"><\/path><\/svg><svg style=\"fill: #999;color:#999\" class=\"arrow-unsorted-368013\" xmlns=\"http:\/\/www.w3.org\/2000\/svg\" width=\"10px\" height=\"10px\" viewbox=\"0 0 24 24\" version=\"1.2\" baseprofile=\"tiny\"><path d=\"M18.2 9.3l-6.2-6.3-6.2 6.3c-.2.2-.3.4-.3.7s.1.5.3.7c.2.2.4.3.7.3h11c.3 0 .5-.1.7-.3.2-.2.3-.5.3-.7s-.1-.5-.3-.7zM5.8 14.7l6.2 6.3 6.2-6.3c.2-.2.3-.5.3-.7s-.1-.5-.3-.7c-.2-.2-.4-.3-.7-.3h-11c-.3 0-.5.1-.7.3-.2.2-.3.5-.3.7s.1.5.3.7z\"\/><\/svg><\/span><\/span><\/span><\/a><\/span><\/div>\n<nav><ul class='ez-toc-list ez-toc-list-level-1' ><li class='ez-toc-page-1 ez-toc-heading-level-2'><a class=\"ez-toc-link ez-toc-heading-1\" href=\"https:\/\/estecenter.com\/tr\/blog\/sakal-ekimi-sonrasinda-sakal-bakiminin-nasil-olmasi-gerekir\/#Sakal_Ekimi_Sonrasi_Goruntu_Nasildir\" title=\"Sakal Ekimi Sonras\u0131 G\u00f6r\u00fcnt\u00fc Nas\u0131ld\u0131r?\">Sakal Ekimi Sonras\u0131 G\u00f6r\u00fcnt\u00fc Nas\u0131ld\u0131r?<\/a><\/li><li class='ez-toc-page-1 ez-toc-heading-level-2'><a class=\"ez-toc-link ez-toc-heading-2\" href=\"https:\/\/estecenter.com\/tr\/blog\/sakal-ekimi-sonrasinda-sakal-bakiminin-nasil-olmasi-gerekir\/#Sakal_Ekimi_Sonrasi_Iyilesme_Sureci\" title=\"Sakal Ekimi Sonras\u0131 \u0130yile\u015fme S\u00fcreci\">Sakal Ekimi Sonras\u0131 \u0130yile\u015fme S\u00fcreci<\/a><\/li><li class='ez-toc-page-1 ez-toc-heading-level-2'><a class=\"ez-toc-link ez-toc-heading-3\" href=\"https:\/\/estecenter.com\/tr\/blog\/sakal-ekimi-sonrasinda-sakal-bakiminin-nasil-olmasi-gerekir\/#Sakal_Ekimi_Sonrasinda_Biyik_ve_Sakal_Bakimi\" title=\"Sakal Ekimi Sonras\u0131nda B\u0131y\u0131k ve Sakal Bak\u0131m\u0131\">Sakal Ekimi Sonras\u0131nda B\u0131y\u0131k ve Sakal Bak\u0131m\u0131<\/a><\/li><li class='ez-toc-page-1 ez-toc-heading-level-2'><a class=\"ez-toc-link ez-toc-heading-4\" href=\"https:\/\/estecenter.com\/tr\/blog\/sakal-ekimi-sonrasinda-sakal-bakiminin-nasil-olmasi-gerekir\/#Sakal_Ekiminden_Sonra_Ilk_Yikama_Nasil_Yapilir\" title=\"Sakal Ekiminden Sonra \u0130lk Y\u0131kama Nas\u0131l Yap\u0131l\u0131r?\">Sakal Ekiminden Sonra \u0130lk Y\u0131kama Nas\u0131l Yap\u0131l\u0131r?<\/a><\/li><li class='ez-toc-page-1 ez-toc-heading-level-2'><a class=\"ez-toc-link ez-toc-heading-5\" href=\"https:\/\/estecenter.com\/tr\/blog\/sakal-ekimi-sonrasinda-sakal-bakiminin-nasil-olmasi-gerekir\/#Sakal_Ekiminden_Sonra_Tiras_Olma\" title=\"Sakal Ekiminden Sonra T\u0131ra\u015f Olma\">Sakal Ekiminden Sonra T\u0131ra\u015f Olma<\/a><\/li><\/ul><\/nav><\/div>\n<\/p>\n<p>Sakal ekimi, sakallar\u0131nda d\u00f6k\u00fclme ya\u015fayan veya sakals\u0131z olan bir\u00e7ok erkek i\u00e7in kal\u0131c\u0131 \u00e7\u00f6z\u00fcm. Yapaca\u011f\u0131n\u0131z do\u011fru sakal bak\u0131m uygulamalar\u0131 ile, i\u015flem sonras\u0131nda eklenmi\u015f olan sakallar\u0131n\u0131z \u00e7ok daha k\u0131sa s\u00fcrede ve g\u00fcrle\u015febilir. Sakal bak\u0131m uygulamalar\u0131nda sadece sakal geli\u015fimi i\u00e7in \u00f6nemli olmay\u0131p, sakal ekimi sonras\u0131nda iz ve kabuklanmalar\u0131n da h\u0131zl\u0131 iyile\u015fmesini sa\u011flar.<\/p>\n<p><a href=\"https:\/\/estecenter.com\/tr\/operasyonlar\/sakal-ekimi\/\"><strong>Sakal ekimi<\/strong><\/a>, sakal d\u00f6k\u00fclmesinde ya\u015fayan, b\u00f6lgesel kay\u0131p olan ya da yayg\u0131n sakals\u0131z olan ki\u015filere uygulanabilecek en etkili \u00e7\u00f6z\u00fcm y\u00f6ntemidir. . Genetik nedenler, hormonal problemler, yan\u0131k ve sakatl\u0131klar\u0131n sakal d\u00f6k\u00fclmesine neden olan fakt\u00f6rlerdendir. Ense b\u00f6lgesinden al\u0131nan sa\u00e7 ile i\u015flem ger\u00e7ekle\u015ftirilebilir.<\/p>\n<p>\u0130\u015flem, g\u00fcn\u00fcm\u00fczde en \u00e7ok tercih edilen estetik operasyonlar aras\u0131nda yer almaktad\u0131r. Geli\u015fmi\u015f teknoloji ve g\u00fcncel y\u00f6ntem olan FUE tekni\u011fi sayesinde, operasyonun do\u011fal g\u00f6r\u00fcnt\u00fcs\u00fc elde edilebilir. Operasyondan sonra ekilen sakallar\u0131n \u00e7\u0131kmas\u0131 ise ortalama 6-9 ay\u0131 bulur. Do\u011fru sakal bak\u0131mlar\u0131 ise ekilen sakallar\u0131n \u00e7ok daha h\u0131zl\u0131 bir \u015fekilde geli\u015fmesini sa\u011flar.<\/p>\n<h2><span class=\"ez-toc-section\" id=\"Sakal_Ekimi_Sonrasi_Goruntu_Nasildir\"><\/span>Sakal Ekimi Sonras\u0131 G\u00f6r\u00fcnt\u00fc Nas\u0131ld\u0131r?<span class=\"ez-toc-section-end\"><\/span><\/h2>\n<p>\u0130\u015flem sonras\u0131nda a\u00e7\u0131lan kanallardan dolay\u0131 ge\u00e7i\u015fler ve kabuklanmalar g\u00f6r\u00fcl\u00fcr. Bu kabuklanmalar i\u015fleminden yakla\u015f\u0131k 3 g\u00fcn sonra ge\u00e7er. Yeni ekilen sakal k\u00f6klerinin ve kabuklanmalar\u0131n zarar g\u00f6rmemesi i\u00e7in darbelere kar\u015f\u0131 dikkatli olunmal\u0131d\u0131r. <strong>Sakal ekiminden sonra<\/strong> b\u00f6lgede al\u0131nacak darbe, ekilen sakallar\u0131n kaydedilmesine ve kal\u0131c\u0131l\u0131klar\u0131n kal\u0131c\u0131 olmas\u0131na neden olacakt\u0131r. \u0130lk y\u0131kama i\u015flemi ve ard\u0131ndan \u00e7e\u015fitli sakal bak\u0131m uygulamalar\u0131 ile i\u015flemeli g\u00f6r\u00fcnt\u00fc tamamen ortadan kalkarken, sakallar\u0131n b\u00f6lgeden izlenmesi de engellenmi\u015f olur.<\/p>\n<h2><span class=\"ez-toc-section\" id=\"Sakal_Ekimi_Sonrasi_Iyilesme_Sureci\"><\/span>Sakal Ekimi Sonras\u0131 \u0130yile\u015fme S\u00fcreci<span class=\"ez-toc-section-end\"><\/span><\/h2>\n<p>Operasyonun y\u00fcz b\u00f6lgede ger\u00e7ekle\u015ftirildi\u011fi i\u00e7in iyile\u015fme s\u00fcreci <a href=\"https:\/\/estecenter.com\/tr\/operasyonlar\/sac-ekimi\/\"><strong>sa\u00e7 ekimi<\/strong><\/a> operasyonlar\u0131na g\u00f6re daha uzundur. Ancak uygulama sonras\u0131nda uygulayaca\u011f\u0131n\u0131z do\u011fru sakal bak\u0131m\u0131 ile iyile\u015fme s\u00fcrecini h\u0131zland\u0131rabilirsiniz. \u0130\u015flem s\u0131ras\u0131nda a\u00e7\u0131lan kanallar, bu b\u00f6lgedeki kabuk olu\u015fumuna neden olacakt\u0131r. Operasyon sonras\u0131nda sakal bak\u0131m uygulamalar\u0131ndan olan y\u0131kama i\u015flemleri ve krem kullan\u0131m\u0131 ile, operasyondan yakla\u015f\u0131k 1 hafta sonra kabuklanmalar d\u00f6k\u00fclm\u00fc\u015f olur.<\/p>\n<p>\u0130\u015flem sonras\u0131nda ayn\u0131 sa\u00e7 ekimi uygulamalar\u0131 oldu\u011fu gibi \u015eok D\u00f6k\u00fclme Evresi ger\u00e7ekle\u015fiyor. Bu evrenin ekim alan\u0131 yakla\u015f\u0131k 1 ay sonra ba\u015flar ve d\u00f6k\u00fclen k\u0131l ekler 2. aydan itibaren tekrardan uzar.<\/p>\n<p>Operasyon sonras\u0131nda ilk 3 g\u00fcn evde istirahat edilmesi tavsiye edilir. Bu sayede operasyon s\u0131ras\u0131nda kanallardan \u00e7\u0131kan bakteri ve mikroplar \u00f6nlenip, sakal\u0131n alaca\u011f\u0131 darbeler \u00f6nlenmi\u015f olur. Ayr\u0131ca sakalda ekim yap\u0131lan b\u00f6lge b\u00f6lgesi olan sakal\u0131n bak\u0131m\u0131 yap\u0131l\u0131r, olu\u015fur ve kabuklanmalar ge\u00e7irilir.<\/p>\n<h2><span class=\"ez-toc-section\" id=\"Sakal_Ekimi_Sonrasinda_Biyik_ve_Sakal_Bakimi\"><\/span>Sakal Ekimi Sonras\u0131nda B\u0131y\u0131k ve Sakal Bak\u0131m\u0131<span class=\"ez-toc-section-end\"><\/span><\/h2>\n<p>Operasyon sonras\u0131nda yap\u0131lacak sakal bak\u0131m\u0131, ekilen k\u0131l h\u00fccrelerinin geli\u015fimi i\u00e7in son derece \u00f6nemlidir. Sakallar\u0131n uzama s\u00fcrecinde jiletle tra\u015f olunmas\u0131 tavsiye edilmez. 6. aydan sonra sakallar\u0131n \u015fekil almas\u0131 ile beraberlik jilet, tra\u015f makinesi ve makas fark etmeksizin tra\u015f edilebilir.<\/p>\n<p>Sakal\u0131n i\u00e7eri\u011finde bulunan i\u00e7eri\u011fin b\u00fcy\u00fck \u00f6nemsenmesi. Yo\u011fun kimyasal i\u00e7eren sakal bak\u0131m \u00fcr\u00fcnleri sakallar\u0131 serle\u015ftirmekle kalmaz, ayn\u0131 zamanda ekilen sakallar\u0131n yava\u015f ve seyrek olarak olu\u015fmas\u0131na neden olacakt\u0131r. Sakal bak\u0131m\u0131nda kullan\u0131lan sakal \u015fampuan\u0131n\u0131n, do\u011fal i\u00e7erikli ve sakal i\u00e7in \u00f6zel olarak \u00fcretilmi\u015f olmas\u0131 gerekiyor. Uygulama sonras\u0131nda sakal verece\u011fi sakal bak\u0131m\u0131n\u0131 d\u00fczenli olarak keser, k\u0131l kesicinin hareket ettirerek sakal uzatmas\u0131n\u0131 sa\u011flayabilirsiniz.<\/p>\n<p>Sakal bak\u0131m\u0131nda at\u0131lmas\u0131 gereken noktalardan bir di\u011fer, sakala uygulanan bitkisel uygulamalard\u0131r. Baz\u0131 ko\u015fullar ve ya\u011flar, i\u00e7erdikleri vitamin ve mineraller ile sakal so\u011fumas\u0131n\u0131n belirtileri tetiklenir. Bu ya\u011flar ile d\u00fczenli olarak yap\u0131lan sakal bak\u0131mlar\u0131, uygulama sonras\u0131nda ekilen k\u0131llar\u0131n ba\u015flamas\u0131n\u0131n ba\u015flamas\u0131n\u0131 tetikler. Ayr\u0131ca ekilen sakallar \u00e7ok daha h\u0131zl\u0131 ve g\u00fcr uzar. Ekim sonucunda uzayan sakallar \u00e7ok daha do\u011fal olarak ayr\u0131l\u0131r.<\/p>\n<p>Do\u011fal zeytinya\u011f\u0131 ve \u00e7i\u011f badem ya\u011f\u0131 i\u00e7erdikleri A, E ve K vitaminleri ile do\u011fal nemlendiricilerdir. D\u00fczenli olarak yap\u0131lan sakal bak\u0131mlar\u0131 ile k\u0131l k\u00f6klerindeki kan de\u011fi\u015ftirip artt\u0131r\u0131p, sakallar\u0131n g\u00fcrle\u015fmesini sa\u011flar.<\/p>\n<p>Sar\u0131msak ile sa\u00e7 ve sakal \u00e7\u0131karma \u00f6zelli\u011fi ile bilinip, temiz sakal derisine masaj yap\u0131larak uygulan\u0131r. Bu sayede sakal ekimi alan\u0131ndan sonra ekilen k\u0131llar\u0131n h\u0131zl\u0131 bir \u015fekilde yay\u0131lmas\u0131 sa\u011fland\u0131.<\/p>\n<p>Sakal bak\u0131m\u0131n\u0131n p\u00fcf noktalar\u0131ndan biri de sakal taramak. Uygulamadan yakla\u015f\u0131k 1 ay sonra geni\u015f di\u015fli bir tarak ile sabah ak\u015fam sakallar\u0131n\u0131z\u0131 taray\u0131n. Sakal taramak masaj etkisi yarataca\u011f\u0131ndan, i\u015flem ile ekilen k\u0131l k\u00f6klerindeki kan t\u00fckenecektir. Bu sayede ekilen sakallar \u00e7ok daha h\u0131zl\u0131 uzar.<\/p>\n<h2><span class=\"ez-toc-section\" id=\"Sakal_Ekiminden_Sonra_Ilk_Yikama_Nasil_Yapilir\"><\/span>Sakal Ekiminden Sonra \u0130lk Y\u0131kama Nas\u0131l Yap\u0131l\u0131r?<span class=\"ez-toc-section-end\"><\/span><\/h2>\n<p><a href=\"https:\/\/estecenter.com\/tr\/sakal-ekimi-sonrasinda-sakal-bakiminin-nasil-olmasi-gerekir\/\">Sakal bak\u0131m\u0131nda<\/a> En \u00f6nemli nokta ekilen sakallar\u0131n y\u0131kanmas\u0131d\u0131r. Y\u0131kama i\u015flemi, i\u015flemden sonraki 3. g\u00fcn. Y\u0131kama ekim i\u015fleminin ger\u00e7ekle\u015ftirilebilece\u011fi gibi, yenilenebilir taraf\u0131ndan sakal bak\u0131m\u0131 hakk\u0131nda direktifler ile ev ortam\u0131nda da yap\u0131labilir. <em>Sakal ekimi sonras\u0131<\/em>Sakal bak\u0131m\u0131 yap\u0131l\u0131rken, k\u0131l k\u00f6klerinin zararl\u0131 olmamas\u0131 ad\u0131na sert hareketler yap\u0131lmamal\u0131d\u0131r.<\/p>\n<p>Ekim sonras\u0131nda olu\u015fan kabuklanmalar ilk y\u0131kaman\u0131n sonunda d\u00f6k\u00fcl\u00fcrler. Y\u0131kama s\u0131ras\u0131nda \u00e7al\u0131\u015ft\u0131r\u0131lan sakal bak\u0131m\u0131 i\u00e7in verilmi\u015f olan losyonu kullanmal\u0131s\u0131n\u0131z. Bu losyonu sakal\u0131n\u0131zda ortalama 45 dakika bekletin. Daha sonra masaj hareketleri ile bast\u0131rmadan sakal y\u0131kan\u0131r. Y\u0131kama i\u015flemi \u0131l\u0131k su yap\u0131lmal\u0131, do\u011fal bir \u015fekilde kurutulmal\u0131d\u0131r. Sakal y\u0131kama i\u015flemi, ekimden sonra 3. g\u00fcnden itibaren 3 g\u00fcn tekrarlanabilir.<\/p>\n<h2><span class=\"ez-toc-section\" id=\"Sakal_Ekiminden_Sonra_Tiras_Olma\"><\/span>Sakal Ekiminden Sonra T\u0131ra\u015f Olma<span class=\"ez-toc-section-end\"><\/span><\/h2>\n<p>Sakal ekiminden sonra tra\u015f olmak isteyen hasta, ekim sonras\u0131nda 15 g\u00fcn beklemesi yeterlidir. Bu s\u00fcre\u00e7 i\u00e7erisinde operasyon kapsam\u0131nda b\u00f6lge iyile\u015fecek. Olu\u015fan izler ve kabuklanmalar ge\u00e7ecektir. Ayr\u0131ca ekilen k\u0131l ekleri de bu s\u00fcre i\u00e7erisinde tutunmu\u015f olacaklard\u0131r. Ancak operasyon sonras\u0131nda ekilen sakallar\u0131n b\u00fcy\u00fcmesi 6 ay\u0131 bulmaktan, sakala tra\u015f olarak \u015fekil vermek i\u00e7in bir s\u00fcre daha beklenebilir. Bu sayede sakallar uzayarak, ekim yap\u0131lm\u0131\u015f g\u00f6r\u00fcnt\u00fcs\u00fc ortadan kald\u0131r\u0131labilir.[\/vc_column_text][\/vc_column][\/vc_row]<\/p>","protected":false},"excerpt":{"rendered":"<p>[vc_row columns=&#8221;1&#8243;][vc_column][vc_column_text] Sakal ekimi, sakallar\u0131nda d\u00f6k\u00fclme ya\u015fayan veya do\u011fu\u015ftan sakals\u0131z olan bir\u00e7ok erkek i\u00e7in en kal\u0131c\u0131 \u00e7\u00f6z\u00fcm. Yapaca\u011f\u0131n\u0131z do\u011fru sakal bak\u0131m\u0131 uygulamalar\u0131 ile, operasyon sonras\u0131nda ekilmi\u015f olan sakallar\u0131n\u0131z \u00e7ok daha k\u0131sa s\u00fcrede ve g\u00fcr \u00e7\u0131kacakt\u0131r. Sakal bak\u0131m\u0131 uygulamalar\u0131 sadece sakal geli\u015fimi i\u00e7in \u00f6nemli olmay\u0131p, sakal ekimi sonras\u0131nda olu\u015fabilecek iz ve kabuklanmalar\u0131n da h\u0131zl\u0131 iyile\u015fmesini sa\u011flayacakt\u0131r. [&hellip;]<\/p>","protected":false},"author":1,"featured_media":9113,"comment_status":"closed","ping_status":"closed","sticky":false,"template":"","format":"standard","meta":{"footnotes":""},"categories":[133],"tags":[],"_links":{"self":[{"href":"https:\/\/estecenter.com\/tr\/wp-json\/wp\/v2\/posts\/9112"}],"collection":[{"href":"https:\/\/estecenter.com\/tr\/wp-json\/wp\/v2\/posts"}],"about":[{"href":"https:\/\/estecenter.com\/tr\/wp-json\/wp\/v2\/types\/post"}],"author":[{"embeddable":true,"href":"https:\/\/estecenter.com\/tr\/wp-json\/wp\/v2\/users\/1"}],"replies":[{"embeddable":true,"href":"https:\/\/estecenter.com\/tr\/wp-json\/wp\/v2\/comments?post=9112"}],"version-history":[{"count":1,"href":"https:\/\/estecenter.com\/tr\/wp-json\/wp\/v2\/posts\/9112\/revisions"}],"predecessor-version":[{"id":27009,"href":"https:\/\/estecenter.com\/tr\/wp-json\/wp\/v2\/posts\/9112\/revisions\/27009"}],"wp:featuredmedia":[{"embeddable":true,"href":"https:\/\/estecenter.com\/tr\/wp-json\/"}],"wp:attachment":[{"href":"https:\/\/estecenter.com\/tr\/wp-json\/wp\/v2\/media?parent=9112"}],"wp:term":[{"taxonomy":"category","embeddable":true,"href":"https:\/\/estecenter.com\/tr\/wp-json\/wp\/v2\/categories?post=9112"},{"taxonomy":"post_tag","embeddable":true,"href":"https:\/\/estecenter.com\/tr\/wp-json\/wp\/v2\/tags?post=9112"}],"curies":[{"name":"wp","href":"https:\/\/api.w.org\/{rel}","templated":true}]}}