{"id":9108,"date":"2018-05-15T12:01:40","date_gmt":"2018-05-15T09:01:40","guid":{"rendered":"https:\/\/estecenter.com\/sac-yaglanmasinin-nedenleri-ve-cozumleri\/"},"modified":"2018-05-15T12:01:40","modified_gmt":"2018-05-15T09:01:40","slug":"kese-yaglanmasinin-nedenleri-ve-cozumleri","status":"publish","type":"post","link":"https:\/\/estecenter.com\/tr\/blog\/kese-yaglanmasinin-nedenleri-ve-cozumleri\/","title":{"rendered":"Sa\u00e7 Ya\u011flanmas\u0131n\u0131n Nedenleri ve \u00c7\u00f6z\u00fcmleri"},"content":{"rendered":"<p>Sa\u00e7 ya\u011flanmas\u0131, sa\u00e7 derisinin sebum ya\u011f\u0131n\u0131n normalden \u00e7ok daha fazla yap\u0131s\u0131ndan olu\u015fur. Sa\u00e7\u0131n kendi yap\u0131s\u0131ndaki ya\u011f, sa\u00e7\u0131n geli\u015fimi i\u00e7in gereklidir. Sebum \u00fcretimi sayesinde sa\u00e7 k\u0131r\u0131lmaz, y\u0131pranmaz ve yumu\u015fak kal\u0131r. Ayn\u0131 zamanda sa\u00e7 derisinin nem dengesi korunarak, sa\u00e7\u0131n kurumas\u0131n\u0131 \u00f6nlemi\u015f olur. Ancak sa\u00e7 derisindeki sebumun normalden fazla olmas\u0131, sa\u00e7\u0131n ya\u011fl\u0131 g\u00f6r\u00fcnmesine neden olur. Ayn\u0131 zamanda ya\u011fl\u0131 olan sa\u00e7 \u00e7ok daha \u00e7abuk kirlenir ve sa\u00e7 derisindeki ellerini t\u0131kayarak sa\u00e7\u0131n hava ile sat\u0131lmas\u0131n\u0131 \u00f6nler.<\/p>\n<div id=\"ez-toc-container\" class=\"ez-toc-v2_0_65 counter-hierarchy ez-toc-counter ez-toc-grey ez-toc-container-direction\">\n<div class=\"ez-toc-title-container\">\n<p class=\"ez-toc-title\" >\u0130\u00e7indekiler<\/p>\n<span class=\"ez-toc-title-toggle\"><a href=\"#\" class=\"ez-toc-pull-right ez-toc-btn ez-toc-btn-xs ez-toc-btn-default ez-toc-toggle\" aria-label=\"\u0130\u00e7indekiler Tablosunu A\u00e7\/Kapat\"><span class=\"ez-toc-js-icon-con\"><span class=\"\"><span class=\"eztoc-hide\" style=\"display:none;\">A\u00e7ma\/Kapama<\/span><span class=\"ez-toc-icon-toggle-span\"><svg style=\"fill: #999;color:#999\" xmlns=\"http:\/\/www.w3.org\/2000\/svg\" class=\"list-377408\" width=\"20px\" height=\"20px\" viewbox=\"0 0 24 24\" fill=\"none\"><path d=\"M6 6H4v2h2V6zm14 0H8v2h12V6zM4 11h2v2H4v-2zm16 0H8v2h12v-2zM4 16h2v2H4v-2zm16 0H8v2h12v-2z\" fill=\"currentColor\"><\/path><\/svg><svg style=\"fill: #999;color:#999\" class=\"arrow-unsorted-368013\" xmlns=\"http:\/\/www.w3.org\/2000\/svg\" width=\"10px\" height=\"10px\" viewbox=\"0 0 24 24\" version=\"1.2\" baseprofile=\"tiny\"><path d=\"M18.2 9.3l-6.2-6.3-6.2 6.3c-.2.2-.3.4-.3.7s.1.5.3.7c.2.2.4.3.7.3h11c.3 0 .5-.1.7-.3.2-.2.3-.5.3-.7s-.1-.5-.3-.7zM5.8 14.7l6.2 6.3 6.2-6.3c.2-.2.3-.5.3-.7s-.1-.5-.3-.7c-.2-.2-.4-.3-.7-.3h-11c-.3 0-.5.1-.7.3-.2.2-.3.5-.3.7s.1.5.3.7z\"\/><\/svg><\/span><\/span><\/span><\/a><\/span><\/div>\n<nav><ul class='ez-toc-list ez-toc-list-level-1' ><li class='ez-toc-page-1 ez-toc-heading-level-2'><a class=\"ez-toc-link ez-toc-heading-1\" href=\"https:\/\/estecenter.com\/tr\/blog\/kese-yaglanmasinin-nedenleri-ve-cozumleri\/#Sac_neden_yaglanir\" title=\"Sa\u00e7 neden ya\u011flan\u0131r?\">Sa\u00e7 neden ya\u011flan\u0131r?<\/a><\/li><li class='ez-toc-page-1 ez-toc-heading-level-2'><a class=\"ez-toc-link ez-toc-heading-2\" href=\"https:\/\/estecenter.com\/tr\/blog\/kese-yaglanmasinin-nedenleri-ve-cozumleri\/#Sac_yaglanmasinin_neden_olabilecegi_sorunlar_nelerdir\" title=\"Sa\u00e7 ya\u011flanmas\u0131n\u0131n neden olabilece\u011fi sorunlar nelerdir?\">Sa\u00e7 ya\u011flanmas\u0131n\u0131n neden olabilece\u011fi sorunlar nelerdir?<\/a><\/li><li class='ez-toc-page-1 ez-toc-heading-level-2'><a class=\"ez-toc-link ez-toc-heading-3\" href=\"https:\/\/estecenter.com\/tr\/blog\/kese-yaglanmasinin-nedenleri-ve-cozumleri\/#Sac_yaglanmasinin_cozumleri_nelerdir\" title=\"Sa\u00e7 ya\u011flanmas\u0131n\u0131n \u00e7\u00f6z\u00fcmleri nelerdir?\">Sa\u00e7 ya\u011flanmas\u0131n\u0131n \u00e7\u00f6z\u00fcmleri nelerdir?<\/a><\/li><li class='ez-toc-page-1 ez-toc-heading-level-2'><a class=\"ez-toc-link ez-toc-heading-4\" href=\"https:\/\/estecenter.com\/tr\/blog\/kese-yaglanmasinin-nedenleri-ve-cozumleri\/#Sac_yaglanmasi_icin_dogal_cozumler\" title=\"Sa\u00e7 ya\u011flanmas\u0131 i\u00e7in do\u011fal \u00e7\u00f6z\u00fcmler\">Sa\u00e7 ya\u011flanmas\u0131 i\u00e7in do\u011fal \u00e7\u00f6z\u00fcmler<\/a><\/li><\/ul><\/nav><\/div>\n<h2><span class=\"ez-toc-section\" id=\"Sac_neden_yaglanir\"><\/span>Sa\u00e7 neden ya\u011flan\u0131r?<span class=\"ez-toc-section-end\"><\/span><\/h2>\n<p>Sa\u00e7 ya\u011flanmas\u0131n\u0131n sebebi, sa\u00e7 derisindeki ya\u011f salg\u0131layan bezlerin normalden farkl\u0131 bir \u015fekilde da\u011f\u0131lmas\u0131, \u00e7ok daha fazla ya\u011f \u00fcretilmesinden olu\u015fur. Ya\u011f bezlerinin kendisini korumas\u0131n\u0131 sa\u011flar, cildin yumu\u015fak ve nemli kalmas\u0131n\u0131 sa\u011flar. Ya\u011f bezlerinin \u00e7ok daha aktif \u00e7al\u0131\u015fmas\u0131 nedeniyle, \u00e7ok daha fazla ya\u011f \u00fcretilmi\u015f olur.<\/p>\n<p>Sa\u00e7\u0131n kirli olmas\u0131 ve sa\u00e7\u0131n ya\u011flanmas\u0131na neden olan temizlenmemesi sorunlardand\u0131r. Ayr\u0131ca sa\u00e7 yap\u0131s\u0131 kal\u0131n telli ve k\u0131v\u0131lc\u0131m sa\u00e7an ki\u015filerin sa\u00e7lar\u0131n\u0131n \u00e7ok daha h\u0131zl\u0131 ya\u011flad\u0131\u011f\u0131ndan \u015fik\u00e2yet ederler. K\u0131v\u0131rc\u0131k ya da kal\u0131n telli sa\u00e7larda sa\u00e7 derisinde \u00fcretilen ya\u011f sa\u00e7lara e\u015fit miktarda yay\u0131lamaz. Yeterli miktarda ya\u011f alamayan sa\u00e7 u\u00e7lar\u0131 zarar g\u00f6r\u00fcr ve k\u0131r\u0131l\u0131r.<\/p>\n<p>Hormon dengesinin dengesiz ve d\u00fczenlenmesi, y\u00fcksek sa\u00e7 miktar\u0131n\u0131n ya\u011flanmas\u0131na ya da sa\u00e7\u0131n kurumas\u0131na neden olacakt\u0131r. \u00d6zellikle ergenlik d\u00f6nemleri ve hamilelik d\u00f6nemi, sa\u00e7lar \u00e7ok daha \u00e7abuk yay\u0131l\u0131r. Ayr\u0131ca duygusal dalgalanmalardan dolay\u0131 meydana gelen hormon dengesizliklerinde meydana gelen sa\u00e7 ya\u011flanmas\u0131 son derece normal kabul edilir.<\/p>\n<h2><span class=\"ez-toc-section\" id=\"Sac_yaglanmasinin_neden_olabilecegi_sorunlar_nelerdir\"><\/span>Sa\u00e7 ya\u011flanmas\u0131n\u0131n neden olabilece\u011fi sorunlar nelerdir?<span class=\"ez-toc-section-end\"><\/span><\/h2>\n<p>Sa\u00e7 ya\u011flanmas\u0131, fiziksel olarak kirli bir g\u00f6r\u00fcn\u00fcm yarat\u0131p ki\u015fiyi rahats\u0131z edebilir. Seboreik dermatit olarak adland\u0131r\u0131lan kepek olu\u015fumu, a\u015f\u0131r\u0131 sa\u00e7 ya\u011flanmas\u0131 g\u00f6z\u00fcken ortaya \u00e7\u0131kar. Fazla ya\u011flar\u0131n sa\u00e7 k\u00f6klerinde kopmalar\u0131 ile sa\u00e7 korumalar\u0131 t\u0131kan\u0131r. Bu sa\u00e7 diplerinin ka\u015f\u0131nmas\u0131na, ac\u0131mas\u0131na ve kepek olu\u015fumuna neden olur. Sa\u00e7 derisindeki ya\u011flar\u0131n temizlenmemesi sa\u00e7 diplerindeki olu\u015fum olu\u015fumuna neden olur.<\/p>\n<h2><span class=\"ez-toc-section\" id=\"Sac_yaglanmasinin_cozumleri_nelerdir\"><\/span>Sa\u00e7 ya\u011flanmas\u0131n\u0131n \u00e7\u00f6z\u00fcmleri nelerdir?<span class=\"ez-toc-section-end\"><\/span><\/h2>\n<p>Sa\u00e7\u0131n ya\u011flanmas\u0131n\u0131n \u00f6zelliklerinden dolay\u0131, uygulayaca\u011f\u0131n\u0131z do\u011fru sa\u00e7 bak\u0131m\u0131 ile bu ya\u011flanmay\u0131 \u00f6nleyebilirsiniz. Sa\u00e7\u0131n\u0131z\u0131n ya\u011flanmas\u0131n\u0131 ya\u015f\u0131yorsan\u0131z, sa\u00e7lar\u0131n\u0131z\u0131 her g\u00fcn y\u0131kamaktan ka\u00e7\u0131n\u0131n. Sa\u00e7\u0131n\u0131 g\u00fcn boyu y\u0131kamak, ya\u011f bezlerinin uyarlan\u0131p \u00e7ok daha fazla ya\u011f \u00fcretmesine neden olacak. Bu da sa\u00e7 ya\u011flanmas\u0131n\u0131 art\u0131racakt\u0131r. Sa\u00e7lar\u0131n\u0131z\u0131 s\u0131k s\u0131k y\u0131kamay\u0131p, ya\u011flanmay\u0131 engelleyen bir \u015fampuan kullanarak sistemlerinizdeki ya\u011f\u0131 dengeleyebilirsiniz.<\/p>\n<p>Du\u015fta sa\u00e7 bak\u0131m\u0131nda dikkat edilmesi gereken bir di\u011fer nokta da sa\u00e7 kremini do\u011fru kullan\u0131n. Sa\u00e7 kremi, kullan\u0131lan ya\u011f\u0131n nemlendirilmesi i\u00e7in ya\u011f \u00fcretimini art\u0131racakt\u0131r. Bu nedenle sa\u00e7 kremini kullan\u0131rken, sa\u00e7 diplerinize uygulamaktan ka\u00e7\u0131n\u0131n.<\/p>\n<p>Sa\u00e7lar\u0131n\u0131z\u0131 durularken so\u011fuk su kullanmaya \u00f6zen g\u00f6sterin. So\u011fuk su, cilt parmaklar\u0131n\u0131 temizleyip k\u00fc\u00e7\u00fcltecek. Du\u015ftan \u00e7\u0131kmadan \u00f6nce son durulamada yapt\u0131\u011f\u0131n\u0131z suyun i\u00e7ine bir miktar elma sirkesi ekleyin. Elma sirkesi hem sa\u00e7 k\u00f6klerindeki ellerini temizleyecek hem de sa\u00e7 derisinin pH dengesinin bozulmas\u0131n\u0131 sa\u011flayarak sa\u00e7\u0131n ya\u011flanmas\u0131n\u0131 \u00f6nleyecektir.<\/p>\n<p>J\u00f6le, sa\u00e7 k\u00f6p\u00fc\u011f\u00fc, sa\u00e7 spreyi gibi sa\u00e7 \u015fekillendirici \u00fcr\u00fcnler ve sa\u00e7 ya\u011flar\u0131, sa\u00e7 maskesi gibi sa\u00e7 bak\u0131m \u00fcr\u00fcnleri standart ya\u011fl\u0131 sa\u00e7lar i\u00e7in haz\u0131rlanm\u0131\u015f olup bak\u0131ml\u0131d\u0131r.<\/p>\n<p>Is\u0131 ile sa\u00e7 \u015fekillendirici \u00fcr\u00fcnler kullan\u0131n. F\u00f6n makinesi, sa\u00e7 ma\u015fas\u0131, sa\u00e7 d\u00fczle\u015ftirici gibi cihazlar sa\u00e7\u0131 y\u0131pratarak \u00e7abuk ya\u011flanmas\u0131n\u0131 sa\u011flar. Ayr\u0131ca g\u00fcn i\u00e7erisinde sa\u00e7lara dokunmak ve oynamak da sa\u00e7\u0131n h\u0131zl\u0131 ya\u011flanmas\u0131na neden olur. Bu nedenle sa\u00e7lar\u0131n\u0131z\u0131 d\u00fczeltmek i\u00e7in el veya sa\u00e7 \u015fekillendirici cihazlar\u0131 kullanmak yerine tarak kullan\u0131n.<\/p>\n<p>Sa\u00e7lar\u0131 s\u00fcrekli ya\u011fl\u0131 g\u00f6r\u00fcnen ki\u015filer, kuru \u015fampuan kullanarak ya\u011fl\u0131 g\u00f6r\u00fcn\u00fcmleri \u00f6nleyebilirler. Bu sayede sa\u00e7\u0131 s\u0131k y\u0131kayarak, k\u0131sa s\u00fcrede ya\u011flanmas\u0131n\u0131 \u00f6nleyebilirsiniz.<\/p>\n<h2><span class=\"ez-toc-section\" id=\"Sac_yaglanmasi_icin_dogal_cozumler\"><\/span>Sa\u00e7 ya\u011flanmas\u0131 i\u00e7in do\u011fal \u00e7\u00f6z\u00fcmler<span class=\"ez-toc-section-end\"><\/span><\/h2>\n<p><strong>Sirke k\u00fcr\u00fc:<\/strong> 1 kahve fincan\u0131 do\u011fal elma sirkesi, 1 tatl\u0131 ka\u015f\u0131\u011f\u0131 kekik suyu ve 1 \u00e7ay ka\u015f\u0131\u011f\u0131 turu kar\u0131\u015ft\u0131r\u0131p muhafaza eder. Kar\u0131\u015f\u0131m\u0131n\u0131z \u0131l\u0131d\u0131ktan sonra sa\u00e7 diplerine masaj yaparak program\u0131 yap\u0131n ve 2 saat bekleyin. Sa\u00e7lar\u0131n\u0131z\u0131 so\u011fuk su ile iyile\u015ftirir ve uygulamay\u0131 haftada 1 g\u00fcn boyunca s\u00fcrd\u00fcr\u00fcr.<\/p>\n<p><strong>Portakal k\u00fcr\u00fc:<\/strong> 1 \u00e7ay barda\u011f\u0131 karabu\u011fdan\u0131n i\u00e7ine, 1 portakal kabu\u011funu rendeleyip kar\u0131\u015ft\u0131r\u0131p. Kar\u0131\u015f\u0131ma 1 su barda\u011f\u0131n\u0131 ekleyin. Ha\u015flanan kar\u0131\u015f\u0131m blenderdan ge\u00e7irip p\u00fcr\u00fczs\u00fcz hale getirin. Daha sonra k\u00fcr\u00fcn i\u00e7erisine iki yemek ka\u015f\u0131\u011f\u0131 zeytinya\u011f\u0131 ve b\u00f6ld\u00fc\u011f\u00fcn\u00fcz yar\u0131m limonun suyunu ekleyin. Krem k\u0131vam\u0131na gelen kar\u0131\u015f\u0131m, sa\u00e7 diplerinizden ba\u015flayarak t\u00fcm sa\u00e7\u0131n\u0131za uygulayabilirsiniz. Yakla\u015f\u0131k 2 saat bekledikten sonra yo\u011fun bir \u015fampuanla sa\u00e7lar\u0131n\u0131z\u0131 y\u0131kay\u0131n. Bu k\u00fcr\u00fc haftada 2 g\u00fcn tekrarlayabilirsiniz.<\/p>\n<p><strong>Nane k\u00fcr\u00fc:<\/strong> 1 demet taze nane ile 1 \u015fi\u015fe do\u011fal elma sirkesini kar\u0131\u015ft\u0131r\u0131n. K\u00fcr\u00fc blenderdan ge\u00e7irerek, sa\u00e7lar\u0131n\u0131za masaj yaparak y\u00f6ntemleri uygulay\u0131n. Yar\u0131m saat bekletti\u011finiz k\u00fcr\u00fc, so\u011fuk su ile \u00e7al\u0131\u015f\u0131r. Bu k\u00fcr\u00fc haftada 1 g\u00fcn boyunca.<\/p>\n<p><strong>Biberiye k\u00fcr\u00fc:<\/strong> 1 tatl\u0131 ka\u015f\u0131\u011f\u0131 biberiye otu, 1 tatl\u0131 ka\u015f\u0131\u011f\u0131 kekik ve 2 su barda\u011f\u0131 suyunu kar\u0131\u015ft\u0131r\u0131p muhafaza edin. Bitkilerin demlenmesi ve \u00e7al\u0131\u015ft\u0131r\u0131lmas\u0131 i\u00e7in en az 15 dakika bekleyin. Haz\u0131rlad\u0131\u011f\u0131n\u0131z kar\u0131\u015f\u0131m\u0131 s\u00fczd\u00fckten sonra masaj yaparak sa\u00e7 derisine programlay\u0131n ve 1 saat bekletin. So\u011fuk su ile sa\u00e7lar\u0131n\u0131z\u0131 korur ve uygulamay\u0131 haftada 2 g\u00fcn boyunca s\u00fcrd\u00fcr\u00fcr.<\/p>\n<p><strong>Yumurta k\u00fcr\u00fc:<\/strong> Yumurta, sa\u00e7 ya\u011flanmas\u0131n\u0131 engelledi\u011fi bilinen besinlerden biridir. 1 yumurtay\u0131 k\u0131r\u0131p, tamam\u0131n\u0131 \u00e7\u0131rp\u0131n. Sa\u00e7 derinize masaj yaparak yedirin ve yakla\u015f\u0131k 1 saat bekleyin. Bu uygulamay\u0131 haftada 2 g\u00fcn boyunca uygulay\u0131n.<\/p>\n<p><strong>\u00c7ay k\u00fcr\u00fc:<\/strong> 1 su barda\u011f\u0131n\u0131n suyun i\u00e7erisinde, bir miktar \u00e7ay yapraklar\u0131n\u0131 i\u00e7erdi\u011fi. \u00c7ay en az 15 dakika demlendikten sonra, \u00e7ay yapraklar\u0131n\u0131 s\u00fczerek temiz sa\u00e7\u0131n\u0131za kaydedin. \u00c7ay suyunda sa\u00e7\u0131n\u0131zda 1 gece bekletin ve sabah b\u00f6l\u00fcn. Uygulamay\u0131 haftada 3 g\u00fcn tekrarlayabilirsiniz.<\/p>\n<p><strong>Aloe vera yapraklar\u0131:<\/strong> 1 su barda\u011f\u0131 \u015fampuan ile 1 yemek ka\u015f\u0131\u011f\u0131 limon suyu ve 1 tatl\u0131 ka\u015f\u0131\u011f\u0131 aloe vera jelini kar\u0131\u015ft\u0131r\u0131n. Haz\u0131rlad\u0131\u011f\u0131n\u0131z maskeyi sa\u00e7 diplerinize s\u00fcr\u00fcn ve durulamak i\u00e7in yar\u0131m saat bekleyin. Maskeyi her g\u00fcn tekrarlayabilirsiniz.<\/p>\n<p><strong>Limon suyu \u00fcreten:<\/strong> 2 su barda\u011f\u0131n\u0131n suyunun i\u00e7ine, 2 limonun suyunu s\u0131k\u0131n. Kar\u0131\u015f\u0131m\u0131n i\u00e7ine 3 \u00e7ay ka\u015f\u0131\u011f\u0131 bal ekleyin. Maskeyi kafa derinize masaj yaparak y\u00f6ntemleri uygular. 15 dakika bekletip sa\u00e7lar\u0131n\u0131z\u0131 da\u011f\u0131t\u0131r. Kar\u0131\u015f\u0131m\u0131 haftada 1 g\u00fcn tekrarlayabilirsiniz.<\/p>\n<p><strong>Karbonatlar:<\/strong> 1 \u00e7ay ka\u015f\u0131\u011f\u0131 karbonat\u0131, 3 su barda\u011f\u0131 su ile kar\u0131\u015ft\u0131r\u0131n. Kar\u0131\u015f\u0131m\u0131 nemli olan sa\u00e7lar\u0131n\u0131z\u0131 programlar. 5 dakika bekleyip sa\u00e7lar\u0131n\u0131z\u0131 uzat\u0131r. Uygulamay\u0131 haftada 1 kez tamamlad\u0131k.<\/p>","protected":false},"excerpt":{"rendered":"<p>Sa\u00e7 ya\u011flanmas\u0131, sa\u00e7 derisinin sebum ya\u011f\u0131n\u0131n normalden \u00e7ok daha fazla yap\u0131s\u0131ndan olu\u015fur. Sa\u00e7\u0131n kendi yap\u0131s\u0131ndaki ya\u011f, sa\u00e7\u0131n geli\u015fimi i\u00e7in gereklidir. Sebum \u00fcretimi sayesinde sa\u00e7 k\u0131r\u0131lmaz, y\u0131pranmaz ve yumu\u015fak kal\u0131r. Ayn\u0131 zamanda sa\u00e7 derisinin nem dengesi korunarak, sa\u00e7\u0131n kurumas\u0131n\u0131 \u00f6nlemi\u015f olur. Ancak sa\u00e7 derisindeki sebumun normalden fazla olmas\u0131, sa\u00e7\u0131n ya\u011fl\u0131 g\u00f6r\u00fcnmesine neden olur. Ayn\u0131 zamanda [\u2026]<\/p>","protected":false},"author":1,"featured_media":9109,"comment_status":"open","ping_status":"open","sticky":false,"template":"","format":"standard","meta":{"footnotes":""},"categories":[133],"tags":[],"_links":{"self":[{"href":"https:\/\/estecenter.com\/tr\/wp-json\/wp\/v2\/posts\/9108"}],"collection":[{"href":"https:\/\/estecenter.com\/tr\/wp-json\/wp\/v2\/posts"}],"about":[{"href":"https:\/\/estecenter.com\/tr\/wp-json\/wp\/v2\/types\/post"}],"author":[{"embeddable":true,"href":"https:\/\/estecenter.com\/tr\/wp-json\/wp\/v2\/users\/1"}],"replies":[{"embeddable":true,"href":"https:\/\/estecenter.com\/tr\/wp-json\/wp\/v2\/comments?post=9108"}],"version-history":[{"count":0,"href":"https:\/\/estecenter.com\/tr\/wp-json\/wp\/v2\/posts\/9108\/revisions"}],"wp:featuredmedia":[{"embeddable":true,"href":"https:\/\/estecenter.com\/tr\/wp-json\/"}],"wp:attachment":[{"href":"https:\/\/estecenter.com\/tr\/wp-json\/wp\/v2\/media?parent=9108"}],"wp:term":[{"taxonomy":"category","embeddable":true,"href":"https:\/\/estecenter.com\/tr\/wp-json\/wp\/v2\/categories?post=9108"},{"taxonomy":"post_tag","embeddable":true,"href":"https:\/\/estecenter.com\/tr\/wp-json\/wp\/v2\/tags?post=9108"}],"curies":[{"name":"wp","href":"https:\/\/api.w.org\/{rel}","templated":true}]}}