{"id":17619,"date":"2024-01-17T09:57:33","date_gmt":"2024-01-17T06:57:33","guid":{"rendered":"https:\/\/estecenter.com\/?p=12963"},"modified":"2024-01-17T09:57:33","modified_gmt":"2024-01-17T06:57:33","slug":"koltuk-alti-kararmasi-nasil-gecer","status":"publish","type":"post","link":"https:\/\/estecenter.com\/tr\/blog\/koltuk-alti-kararmasi-nasil-gecer\/","title":{"rendered":"Koltuk Alt\u0131 Kararmas\u0131 Nas\u0131l Ge\u00e7er?"},"content":{"rendered":"<p><a title=\"koltuk alt\u0131 karar\u0131\" href=\"https:\/\/estecenter.com\/tr\/koltuk-alti-kararmasi-nasil-gecer\/\"><strong>Koltuk alt\u0131 karar\u0131<\/strong><\/a> herkeste cilt sorunu olarak kabul edilebilir. Koltuk alt\u0131 kararmas\u0131na yol a\u00e7an farkl\u0131 etmenler s\u00f6z konusudur. Ki\u015fileri estetik a\u00e7\u0131dan rahats\u0131z eden bu problemin giderilmesi i\u00e7in izlenebilecek farkl\u0131 bozulmalar meydana gelir.<\/p>\n<div id=\"ez-toc-container\" class=\"ez-toc-v2_0_65 counter-hierarchy ez-toc-counter ez-toc-grey ez-toc-container-direction\">\n<div class=\"ez-toc-title-container\">\n<p class=\"ez-toc-title\" >\u0130\u00e7indekiler<\/p>\n<span class=\"ez-toc-title-toggle\"><a href=\"#\" class=\"ez-toc-pull-right ez-toc-btn ez-toc-btn-xs ez-toc-btn-default ez-toc-toggle\" aria-label=\"\u0130\u00e7indekiler Tablosunu A\u00e7\/Kapat\"><span class=\"ez-toc-js-icon-con\"><span class=\"\"><span class=\"eztoc-hide\" style=\"display:none;\">A\u00e7ma\/Kapama<\/span><span class=\"ez-toc-icon-toggle-span\"><svg style=\"fill: #999;color:#999\" xmlns=\"http:\/\/www.w3.org\/2000\/svg\" class=\"list-377408\" width=\"20px\" height=\"20px\" viewbox=\"0 0 24 24\" fill=\"none\"><path d=\"M6 6H4v2h2V6zm14 0H8v2h12V6zM4 11h2v2H4v-2zm16 0H8v2h12v-2zM4 16h2v2H4v-2zm16 0H8v2h12v-2z\" fill=\"currentColor\"><\/path><\/svg><svg style=\"fill: #999;color:#999\" class=\"arrow-unsorted-368013\" xmlns=\"http:\/\/www.w3.org\/2000\/svg\" width=\"10px\" height=\"10px\" viewbox=\"0 0 24 24\" version=\"1.2\" baseprofile=\"tiny\"><path d=\"M18.2 9.3l-6.2-6.3-6.2 6.3c-.2.2-.3.4-.3.7s.1.5.3.7c.2.2.4.3.7.3h11c.3 0 .5-.1.7-.3.2-.2.3-.5.3-.7s-.1-.5-.3-.7zM5.8 14.7l6.2 6.3 6.2-6.3c.2-.2.3-.5.3-.7s-.1-.5-.3-.7c-.2-.2-.4-.3-.7-.3h-11c-.3 0-.5.1-.7.3-.2.2-.3.5-.3.7s.1.5.3.7z\"\/><\/svg><\/span><\/span><\/span><\/a><\/span><\/div>\n<nav><ul class='ez-toc-list ez-toc-list-level-1' ><li class='ez-toc-page-1 ez-toc-heading-level-2'><a class=\"ez-toc-link ez-toc-heading-1\" href=\"https:\/\/estecenter.com\/tr\/blog\/koltuk-alti-kararmasi-nasil-gecer\/#Koltuk_Alti_Kararmasi_Nedir\" title=\"Koltuk Alt\u0131 Kararmas\u0131 Nedir?\">Koltuk Alt\u0131 Kararmas\u0131 Nedir?<\/a><\/li><li class='ez-toc-page-1 ez-toc-heading-level-2'><a class=\"ez-toc-link ez-toc-heading-2\" href=\"https:\/\/estecenter.com\/tr\/blog\/koltuk-alti-kararmasi-nasil-gecer\/#Koltuk_Alti_Kararmasi_Neden_Olur\" title=\"Koltuk Alt\u0131 Kararmas\u0131 Neden Olur?\">Koltuk Alt\u0131 Kararmas\u0131 Neden Olur?<\/a><\/li><li class='ez-toc-page-1 ez-toc-heading-level-2'><a class=\"ez-toc-link ez-toc-heading-3\" href=\"https:\/\/estecenter.com\/tr\/blog\/koltuk-alti-kararmasi-nasil-gecer\/#Koltuk_Alti_Kararmasi_Nasil_Gecer\" title=\"Koltuk Alt\u0131 Kararmas\u0131 Nas\u0131l Ge\u00e7er?\">Koltuk Alt\u0131 Kararmas\u0131 Nas\u0131l Ge\u00e7er?<\/a><ul class='ez-toc-list-level-3' ><li class='ez-toc-heading-level-3'><a class=\"ez-toc-link ez-toc-heading-4\" href=\"https:\/\/estecenter.com\/tr\/blog\/koltuk-alti-kararmasi-nasil-gecer\/#Koltuk_Alti_Kararmasi_Tedavisi_Hangi_Yontemler_ile_Yapilir\" title=\"Koltuk Alt\u0131 Kararmas\u0131 Tedavisi Hangi Y\u00f6ntemler ile Yap\u0131l\u0131r?\">Koltuk Alt\u0131 Kararmas\u0131 Tedavisi Hangi Y\u00f6ntemler ile Yap\u0131l\u0131r?<\/a><\/li><\/ul><\/li><\/ul><\/nav><\/div>\n<h2><span class=\"ez-toc-section\" id=\"Koltuk_Alti_Kararmasi_Nedir\"><\/span>Koltuk Alt\u0131 Kararmas\u0131 Nedir?<span class=\"ez-toc-section-end\"><\/span><\/h2>\n<p>Estetik a\u00e7\u0131dan rahats\u0131z edici bir cilt sorunu olan koltuk alt\u0131n\u0131n kararmas\u0131, koltuk alt\u0131n\u0131n normal ten renginden daha koyu olmas\u0131 durumudur. \u00d6zellikle koltuk alt\u0131n\u0131z\u0131 a\u00e7\u0131kta b\u0131rakacak k\u0131yafetler giydi\u011finizde \u00e7ok daha rahats\u0131z edici hale gelen bu sorun, farkl\u0131 sebepler ortaya \u00e7\u0131kabilir.<\/p>\n<p>Koltuk alt\u0131 karar\u0131, \u00f6zellikle belirli bir ya\u015f sonras\u0131nda hem kad\u0131nda hem de erkeklerde g\u00f6r\u00fclen bir cilt sorunudur. Bu sorunla kar\u015f\u0131la\u015fmaya neden olan en \u00f6nemli etken koltuk alt\u0131n\u0131n genellikle havas\u0131z kalmas\u0131d\u0131r.<\/p>\n<h2><span class=\"ez-toc-section\" id=\"Koltuk_Alti_Kararmasi_Neden_Olur\"><\/span>Koltuk Alt\u0131 Kararmas\u0131 Neden Olur?<span class=\"ez-toc-section-end\"><\/span><\/h2>\n<p>Cildin tahri\u015f olmas\u0131 ve buna ba\u011fl\u0131 olarak ortaya \u00e7\u0131kan deride pigment \u00fcretiminin artmas\u0131 <strong>koltuk alt\u0131 kararmas\u0131 neden olur<\/strong> N\u00fcfusun temel cevaplar\u0131ndan biridir. Bu duruma hiperpigmentasyon ad\u0131 verilir. Koltuk alt\u0131 derisinde normalden daha fazla pigment \u00fcretimi meydana gelirse bu durum durum ten renginde koyula\u015fmaya yol a\u00e7ar.<\/p>\n<p>Koltuk alt\u0131 kararmas\u0131na yol a\u00e7an di\u011fer etmenler \u015fu \u015fekilde s\u0131ralanabilir:<\/p>\n<ul>\n<li style=\"font-weight: 400;\" aria-level=\"1\">d\u00f6nemdeki hormonal de\u011fi\u015fimler<\/li>\n<li style=\"font-weight: 400;\" aria-level=\"1\">Do\u011fum kontrol hap\u0131 gibi hormonsal liste kullan\u0131m\u0131<\/li>\n<li style=\"font-weight: 400;\" aria-level=\"1\">T\u0131ra\u015f ve a\u011fda sonucunda olu\u015fan bozulma<\/li>\n<li style=\"font-weight: 400;\" aria-level=\"1\">Yetersiz ki\u015fisel bak\u0131m<\/li>\n<li style=\"font-weight: 400;\" aria-level=\"1\">Yanl\u0131\u015f se\u00e7imler<\/li>\n<li style=\"font-weight: 400;\" aria-level=\"1\">Yanl\u0131\u015f deodorant kullan\u0131m\u0131<\/li>\n<li style=\"font-weight: 400;\" aria-level=\"1\">Bakteriyel cilt sorunlar\u0131<\/li>\n<li style=\"font-weight: 400;\" aria-level=\"1\">Diyabet ve buna ba\u011fl\u0131 olarak mantar mantar enfeksiyonlar\u0131<\/li>\n<li style=\"font-weight: 400;\" aria-level=\"1\">Sigara ve alkol t\u00fcketimi<\/li>\n<\/ul>\n<h2><span class=\"ez-toc-section\" id=\"Koltuk_Alti_Kararmasi_Nasil_Gecer\"><\/span>Koltuk Alt\u0131 Kararmas\u0131 Nas\u0131l Ge\u00e7er?<span class=\"ez-toc-section-end\"><\/span><\/h2>\n<p><strong>\u201cKoltuk alt\u0131 karar\u0131 nas\u0131l ge\u00e7er?\u201d<\/strong> Sorunun cevab\u0131n\u0131 bulabilmek i\u00e7in \u00f6ncelikle bu problemin nedeni ortaya \u00e7\u0131kt\u0131\u011f\u0131nda tespit edilebilir. Bununla birlikte kararma olu\u015fmadan \u00f6nlem almak ilerleyen s\u00fcre\u00e7te daha ciddi problemlerin olu\u015fmas\u0131n\u0131 engelleyebilir.<strong> \u201cKoltuk alt\u0131 kararmas\u0131 i\u00e7in ne yap\u0131lmal\u0131?\u201d<\/strong> oyunlara ili\u015fkin verilmesi gereken yan\u0131tlar \u015fu \u015fekilde s\u0131ralanabilir:<\/p>\n<ul>\n<li style=\"font-weight: 400;\" aria-level=\"1\">E\u011fer tra\u015f etme y\u00f6ntemiyle istenmeyen t\u00fcylerden kurtulmaya \u00e7al\u0131\u015f\u0131rsan\u0131z tra\u015f etmeden \u00f6nce yumu\u015fak bir sabun veya tra\u015f kremiyle nemye \u00f6zen g\u00f6stermezsiniz. M\u00fcmk\u00fcnse tra\u015f yerine lazer epilasyonu tercih edin.<\/li>\n<li style=\"font-weight: 400;\" aria-level=\"1\">Kulland\u0131\u011f\u0131n\u0131z deodorant gibi ki\u015fisel bak\u0131m \u00fcr\u00fcnleri yanma hissi meydana getiriyor ve tahri\u015fe neden oluyorsa \u00fcr\u00fcn t\u00fckendi. Kulland\u0131\u011f\u0131n\u0131z cilt bak\u0131m\u0131n\u0131n alkol gibi tahri\u015f edici i\u00e7erik i\u00e7ermedi\u011finden emin olun.<\/li>\n<li style=\"font-weight: 400;\" aria-level=\"1\">Haftan\u0131n 1-2 g\u00fcn\u00fc v\u00fccudunuza peeling yaparak \u00f6l\u00fc derilerden ar\u0131nd\u0131r\u0131n. Koltuk alt\u0131n\u0131za uygulayaca\u011f\u0131n\u0131z peelingin hassas ciltler i\u00e7in \u00f6zel olarak \u00fcretildi\u011finden emin olun.<\/li>\n<li style=\"font-weight: 400;\" aria-level=\"1\">Dar ve v\u00fccudunuzu s\u0131kan sentetik giysiler yerine pamuklu ve daha rahat k\u0131yafetler tercih edin.<\/li>\n<li style=\"font-weight: 400;\" aria-level=\"1\">Sigara ve alkol gibi zararl\u0131 zararl\u0131lardan uzak durmaya devam eder.<\/li>\n<\/ul>\n<p>Bu s\u00fcre boyunca dikkat etmeniz gerekenler<strong> \u201cKoltuk alt\u0131 kararmas\u0131 nas\u0131l giderilir?\u201d<\/strong> Sorunlara etkili \u00e7\u00f6z\u00fcmler bulabilirsiniz. Ayr\u0131ca estetik a\u00e7\u0131dan sizi rahats\u0131z eden alt\u0131 kararmas\u0131 sorunu giderilmi\u015f olur. Ancak ilerledik\u00e7e bu de\u011fi\u015fimlerin m\u00fcdahale edilmesi i\u00e7in ge\u00e7 kal\u0131nm\u0131\u015f olabilir. Bu durumda koltu\u011fun alt\u0131 kararmas\u0131 \u00f6nerilir.<\/p>\n<h3><span class=\"ez-toc-section\" id=\"Koltuk_Alti_Kararmasi_Tedavisi_Hangi_Yontemler_ile_Yapilir\"><\/span>Koltuk Alt\u0131 Kararmas\u0131 Tedavisi Hangi Y\u00f6ntemler ile Yap\u0131l\u0131r?<span class=\"ez-toc-section-end\"><\/span><\/h3>\n<p>Evde yap\u0131lan do\u011fal bak\u0131mlar\u0131n al\u0131nmas\u0131 ve \u00f6nlemlerin yeterli olmamas\u0131 problemin giderilmesi i\u00e7in <strong>koltuk alt\u0131 kararmas\u0131<\/strong> tercih edilebilir. Tedavi ama\u00e7l\u0131 peeling etkisi yaratacak \u00fcr\u00fcnler kullan\u0131l\u0131r. Bu \u00fcr\u00fcnler,<strong> \u201cKoltuk alt\u0131 kararmas\u0131 ne iyi gelir?\u201d<\/strong> soruya yan\u0131t olarak verilseler de mutlaka saklanacak \u015fekilde ve uzman kontrol\u00fcnde kullan\u0131lmalar\u0131 gerekir.<\/p>\n<p><strong>Koltuk alt\u0131 karar\u0131n\u0131n beyazlat\u0131lmas\u0131<\/strong> pigmentleri yok etmek i\u00e7in kullan\u0131lan bir ba\u015fka y\u00f6ntem ise lazer tedavisidir. PRP ve mezoterapi ile koltuk alt\u0131nda meydana gelen koyu rengin a\u00e7\u0131lmas\u0131 meydana gelir. \u0130leri d\u00fczey koltuk alt\u0131 kararmalar\u0131n\u0131n giderilmesi i\u00e7in genellikle birden fazla y\u00f6ntem bir araya getirilerek kullan\u0131l\u0131r.<\/p>","protected":false},"excerpt":{"rendered":"<p>Koltuk alt\u0131 kararmas\u0131 herkeste olu\u015fabilecek cilt sorunu olarak kabul edilebilir. Koltuk alt\u0131 kararmas\u0131na yol a\u00e7an farkl\u0131 etmenler s\u00f6z konusudur. Ki\u015fileri estetik a\u00e7\u0131dan rahats\u0131z eden bu problemin giderilmesi i\u00e7in izlenebilecek farkl\u0131 y\u00f6ntemler bulunur. Koltuk Alt\u0131 Kararmas\u0131 Nedir? Estetik a\u00e7\u0131dan rahats\u0131z edici bir cilt problemi olan koltuk alt\u0131 kararmas\u0131, koltuk alt\u0131n\u0131n normal ten renginden daha koyu olmas\u0131 [&hellip;]<\/p>","protected":false},"author":1,"featured_media":12965,"comment_status":"open","ping_status":"open","sticky":false,"template":"","format":"standard","meta":{"footnotes":""},"categories":[133],"tags":[],"_links":{"self":[{"href":"https:\/\/estecenter.com\/tr\/wp-json\/wp\/v2\/posts\/17619"}],"collection":[{"href":"https:\/\/estecenter.com\/tr\/wp-json\/wp\/v2\/posts"}],"about":[{"href":"https:\/\/estecenter.com\/tr\/wp-json\/wp\/v2\/types\/post"}],"author":[{"embeddable":true,"href":"https:\/\/estecenter.com\/tr\/wp-json\/wp\/v2\/users\/1"}],"replies":[{"embeddable":true,"href":"https:\/\/estecenter.com\/tr\/wp-json\/wp\/v2\/comments?post=17619"}],"version-history":[{"count":0,"href":"https:\/\/estecenter.com\/tr\/wp-json\/wp\/v2\/posts\/17619\/revisions"}],"wp:featuredmedia":[{"embeddable":true,"href":"https:\/\/estecenter.com\/tr\/wp-json\/wp\/v2\/media\/12965"}],"wp:attachment":[{"href":"https:\/\/estecenter.com\/tr\/wp-json\/wp\/v2\/media?parent=17619"}],"wp:term":[{"taxonomy":"category","embeddable":true,"href":"https:\/\/estecenter.com\/tr\/wp-json\/wp\/v2\/categories?post=17619"},{"taxonomy":"post_tag","embeddable":true,"href":"https:\/\/estecenter.com\/tr\/wp-json\/wp\/v2\/tags?post=17619"}],"curies":[{"name":"wp","href":"https:\/\/api.w.org\/{rel}","templated":true}]}}